{"id":1183,"date":"2023-11-02T11:00:51","date_gmt":"2023-11-02T11:00:51","guid":{"rendered":"https:\/\/legalbrandservices.com\/2023\/11\/02\/la-marca-personal\/"},"modified":"2023-11-02T11:05:09","modified_gmt":"2023-11-02T11:05:09","slug":"la-marca-personal","status":"publish","type":"post","link":"https:\/\/legalbrandservices.com\/ca\/2023\/11\/02\/la-marca-personal\/","title":{"rendered":"La marca personal"},"content":{"rendered":"\n<p>La Sara James \u00e9s coneguda al Pened\u00e8s pels dol\u00e7os i pastissos que elabora. El seu somni \u00e9s ser pastissera del millor restaurant de la ciutat i per aix\u00f2 ha de treballar en el seu nom, \u00e9s a dir, s\u2019ha de fer un nom dins de les xarxes socials i dins la societat per a poder arribar a ser coneguda. Sempre t\u00e9 molta cura a totes les publicacions que realitza, presenta fotografies de totes les seves creacions amb tot tipus de detall i sempre est\u00e0 realitzant cursos de noves t\u00e8cniques. En definitiva, est\u00e0 treballant la seva marca personal perqu\u00e8 avui dia les xarxes socials s\u00f3n una finestra per donar-se a con\u00e8ixer davant empresaris, clients, col\u00b7laboradors, etc.<\/p>\n\n<p>Hist\u00f2ricament els ex-libris eren marques de propietat que pod\u00edem trobar a les contraportades o a les primeres p\u00e0gines d\u2019alguns llibres. Aquests presentaven imatges relacionades amb la professi\u00f3, activitat, gremi o aficions del propietari del llibre. Actualment el concepte d\u2019ex-libris ha evolucionat en el terme \u201cmarca personal\u201d que promulguen els professionals per a ser un referent en el sector.<\/p>\n\n<p>Aquesta marca personal s\u2019ha de desenvolupar per a potenciar les qualitats que defineixen al professional i que el diferencien dels seus competidors. \u00c9s important definir un objectiu, determinar el p\u00fablic al que es vol arribar, planificar les accions a realitzar i crear contingut de forma peri\u00f2dica. Per aix\u00f2 \u00e9s necessari crear un disseny i una identitat corporativa de la marca personal per a que vagi en conson\u00e0ncia amb els valors que es volen transmetre, perqu\u00e8 no hem d\u2019oblidar que aquesta marca personal, en un futur, es pot convertir en una marca professional.<\/p>\n\n<p>La imatge corporativa que crea la marca personal normalment \u00e9s realitzada per professionals del branding. El logo, tipografia o gr\u00e0fics que s\u2019incloguin han de transmetre la imatge i valors personals i\/o professionals, per\u00f2 ha de ser assessorada per experts del dret especialitzats en Propietat Industrial per a que aquesta marca personal es protegeixi, i arribat el cas, pugui fer-se servir tamb\u00e9 com una marca professional que distingeixi un producte i\/o servei d\u2019una empresa dins del mercat.<\/p>\n\n<p><\/p>\n\n<p>Pened\u00e8s Econ\u00f2mic &#8211; Gener 2022<\/p>\n","protected":false},"excerpt":{"rendered":"<p>La MARCA Personal en un futur es pot convertir en una marca professional.<\/p>\n","protected":false},"author":2,"featured_media":1181,"comment_status":"closed","ping_status":"closed","sticky":false,"template":"","format":"standard","meta":{"_et_pb_use_builder":"off","_et_pb_old_content":"","_et_gb_content_width":"","footnotes":""},"categories":[72],"tags":[73,74,101,56,55],"dipi_cpt_category":[],"_links":{"self":[{"href":"https:\/\/legalbrandservices.com\/ca\/wp-json\/wp\/v2\/posts\/1183"}],"collection":[{"href":"https:\/\/legalbrandservices.com\/ca\/wp-json\/wp\/v2\/posts"}],"about":[{"href":"https:\/\/legalbrandservices.com\/ca\/wp-json\/wp\/v2\/types\/post"}],"author":[{"embeddable":true,"href":"https:\/\/legalbrandservices.com\/ca\/wp-json\/wp\/v2\/users\/2"}],"replies":[{"embeddable":true,"href":"https:\/\/legalbrandservices.com\/ca\/wp-json\/wp\/v2\/comments?post=1183"}],"version-history":[{"count":3,"href":"https:\/\/legalbrandservices.com\/ca\/wp-json\/wp\/v2\/posts\/1183\/revisions"}],"predecessor-version":[{"id":1186,"href":"https:\/\/legalbrandservices.com\/ca\/wp-json\/wp\/v2\/posts\/1183\/revisions\/1186"}],"wp:featuredmedia":[{"embeddable":true,"href":"https:\/\/legalbrandservices.com\/ca\/wp-json\/wp\/v2\/media\/1181"}],"wp:attachment":[{"href":"https:\/\/legalbrandservices.com\/ca\/wp-json\/wp\/v2\/media?parent=1183"}],"wp:term":[{"taxonomy":"category","embeddable":true,"href":"https:\/\/legalbrandservices.com\/ca\/wp-json\/wp\/v2\/categories?post=1183"},{"taxonomy":"post_tag","embeddable":true,"href":"https:\/\/legalbrandservices.com\/ca\/wp-json\/wp\/v2\/tags?post=1183"},{"taxonomy":"dipi_cpt_category","embeddable":true,"href":"https:\/\/legalbrandservices.com\/ca\/wp-json\/wp\/v2\/dipi_cpt_category?post=1183"}],"curies":[{"name":"wp","href":"https:\/\/api.w.org\/{rel}","templated":true}]}}