{"id":1975,"date":"2024-01-19T12:11:44","date_gmt":"2024-01-19T12:11:44","guid":{"rendered":"https:\/\/legalbrandservices.com\/2024\/01\/19\/renovar-se-o-morir\/"},"modified":"2024-01-19T12:16:20","modified_gmt":"2024-01-19T12:16:20","slug":"renovar-se-o-morir","status":"publish","type":"post","link":"https:\/\/legalbrandservices.com\/ca\/2024\/01\/19\/renovar-se-o-morir\/","title":{"rendered":"renovar-se o morir"},"content":{"rendered":"\n<p>\u201cRenovar-se o morir\u201d \u00e9s una frase que no passa de moda i \u00e9s aplicable a totes les \u00e8poques de canvis significatius, tant a la societat com a la ind\u00fastria.<\/p>\n\n<p>La setmana passada vaig assistir al 9\u00e8 Congr\u00e9s de Dones d\u2019Empresa de la Federaci\u00f3 Empresarial del Gran Pened\u00e8s (FEGP) on es va reclamar m\u00e9s pres\u00e8ncia de les dones en entorns tecnol\u00f2gics i per aix\u00f2 la pon\u00e8ncia central va ser exposada per la Sra. Neema Balolebwami Nelly, experta en Intel\u00b7lig\u00e8ncia Artificial (IA) i que est\u00e0 activament involucrada en la lluita contra la desigualtat de g\u00e8nere de dades que alimenten la IA.<\/p>\n\n<p>Per\u00f2 qu\u00e8 \u00e9s la Intel\u00b7lig\u00e8ncia Artificial? \u00c9s tracta d\u2019una combinaci\u00f3 d\u2019algoritmes plantejats amb el prop\u00f2sit de crear m\u00e0quines que imitin la intel\u00b7lig\u00e8ncia humana per a realitzar tasques de processament i an\u00e0lisis de dades, i que van millorant a mida que recopilen m\u00e9s informaci\u00f3. S\u2019ha de tenir molt clar que aquesta disciplina no &#8220;apr\u00e8n&#8221; per si sola, si no que s\u2019alimenta \u00fanicament de les dades que li son proporcionades.<\/p>\n\n<p>A una presentaci\u00f3 es va preguntar quantes empreses o amb quina assidu\u00eftat les empreses estan integrant m\u00e8todes d&#8217;intel\u00b7lig\u00e8ncia artificial, com el Chat GPT, per a millorar els processos de producci\u00f3. Moltes de les persones presents van aixecar la m\u00e0 per\u00f2 s\u2019ha de tenir en compte que actualment moltes eines que utilitzen IA estan esbiaixades i el seu &#8220;aprenentatge&#8221; est\u00e0 limitat a les dades que se li han facilitat i no tenen en consideraci\u00f3 la diversitat.<\/p>\n\n<p>Hem de tenir clar que la intel\u00b7lig\u00e8ncia artificial no deixa de ser una eina on els humans hem de aprendre a integrar-la en el dia a dia, encara que est\u00e0 generant molts interrogants respecte a la Propietat Intel\u00b7lectual de les obres resultants. Actualment, els drets d\u2019autor es reconeixen a les obres creades per \u00e9ssers humans, no m\u00e0quines, perqu\u00e8 s\u00f3n els que aporten la creativitat. Per\u00f2 a mesura que la IA es vagi desenvolupant i avan\u00e7ant pot generar contingut &#8220;original&#8221; que sota la legislaci\u00f3 actual no est\u00e0 emparada pels drets d\u2019autor.<\/p>\n\n<p>En el moment que ens trobem no podem aturar la tecnologia per esperar canvis legislatius que contemplin les noves revolucions, per aix\u00f2 hem de rec\u00f3rrer a l\u2019\u00e8tica, \u00fas responsable, pedagogia i formaci\u00f3 dels usuaris dels sistemes d\u2019Intel\u00b7lig\u00e8ncia Artificial.<\/p>\n\n<p><\/p>\n\n<p><em>Pened\u00e8s Econ\u00f2mic &#8211; Octubre 2023<\/em><\/p>\n","protected":false},"excerpt":{"rendered":"<p>\u00bfA qui pertanyen els Drets d&#8217;Autor a les obres creades per Intel\u00b7lig\u00e8ncia Artificial?<\/p>\n","protected":false},"author":2,"featured_media":1973,"comment_status":"closed","ping_status":"closed","sticky":false,"template":"","format":"standard","meta":{"_et_pb_use_builder":"off","_et_pb_old_content":"","_et_gb_content_width":"","footnotes":""},"categories":[49,110,83],"tags":[84,108,112,85],"dipi_cpt_category":[],"_links":{"self":[{"href":"https:\/\/legalbrandservices.com\/ca\/wp-json\/wp\/v2\/posts\/1975"}],"collection":[{"href":"https:\/\/legalbrandservices.com\/ca\/wp-json\/wp\/v2\/posts"}],"about":[{"href":"https:\/\/legalbrandservices.com\/ca\/wp-json\/wp\/v2\/types\/post"}],"author":[{"embeddable":true,"href":"https:\/\/legalbrandservices.com\/ca\/wp-json\/wp\/v2\/users\/2"}],"replies":[{"embeddable":true,"href":"https:\/\/legalbrandservices.com\/ca\/wp-json\/wp\/v2\/comments?post=1975"}],"version-history":[{"count":1,"href":"https:\/\/legalbrandservices.com\/ca\/wp-json\/wp\/v2\/posts\/1975\/revisions"}],"predecessor-version":[{"id":1976,"href":"https:\/\/legalbrandservices.com\/ca\/wp-json\/wp\/v2\/posts\/1975\/revisions\/1976"}],"wp:featuredmedia":[{"embeddable":true,"href":"https:\/\/legalbrandservices.com\/ca\/wp-json\/wp\/v2\/media\/1973"}],"wp:attachment":[{"href":"https:\/\/legalbrandservices.com\/ca\/wp-json\/wp\/v2\/media?parent=1975"}],"wp:term":[{"taxonomy":"category","embeddable":true,"href":"https:\/\/legalbrandservices.com\/ca\/wp-json\/wp\/v2\/categories?post=1975"},{"taxonomy":"post_tag","embeddable":true,"href":"https:\/\/legalbrandservices.com\/ca\/wp-json\/wp\/v2\/tags?post=1975"},{"taxonomy":"dipi_cpt_category","embeddable":true,"href":"https:\/\/legalbrandservices.com\/ca\/wp-json\/wp\/v2\/dipi_cpt_category?post=1975"}],"curies":[{"name":"wp","href":"https:\/\/api.w.org\/{rel}","templated":true}]}}