{"id":2024,"date":"2024-03-04T14:12:20","date_gmt":"2024-03-04T14:12:20","guid":{"rendered":"https:\/\/legalbrandservices.com\/2024\/03\/04\/nomes-soc-jo-la-meva-marca\/"},"modified":"2024-03-04T14:19:05","modified_gmt":"2024-03-04T14:19:05","slug":"nomes-soc-jo-la-meva-marca","status":"publish","type":"post","link":"https:\/\/legalbrandservices.com\/ca\/2024\/03\/04\/nomes-soc-jo-la-meva-marca\/","title":{"rendered":"Nom\u00e9s s\u00f3c jo la meva marca?"},"content":{"rendered":"\n<p>En articles anteriors he descrit la Marca Personal com una &#8220;eina&#8221; que s\u2019ha de desenvolupar per a potenciar les qualitats que defineixen a un professional i que el diferencien dels seus competidors.<\/p>\n\n<p>Parlant estrictament del concepte de Marca Personal hi ha definicions de tot tipus, per\u00f2 \u00e9s b\u00e0sicament dins l\u2019\u00e0mbit laboral on es permet a una persona diferenciar-se de la compet\u00e8ncia, partint d\u2019una construcci\u00f3 adequada de marca, inspirant confian\u00e7a, aportant experi\u00e8ncia, etc.<\/p>\n\n<p>Per\u00f2 qu\u00e8 passa quan una marca personal es converteix en una marca professional que distingeix un producte i\/o servei dins del mercat? Qu\u00e8 passa quan una marca personal es converteix en un imperi? Pensem en Ferrari, Versace, Christian Dior o Balenciaga. Deixa de perdre la seva ess\u00e8ncia?<\/p>\n\n<p>*<em>Alerta esp\u00f2iler<\/em>*<\/p>\n\n<p>Aquests dies he vist la s\u00e8rie &#8220;Crist\u00f3bal Balenciaga&#8221;, ambientada en la vida del personatge durant els anys 1930-1970, on cadascun dels cap\u00edtols dona una lli\u00e7\u00f3 magistral sobre Propietat Industrial. La gran preocupaci\u00f3 del Sr. Balenciaga, que es repeteix en cada cap\u00edtol, \u00e9s &#8220;Si yo no sigo en la Maison Balenciaga, (la marca) no puede seguir, qu\u00e9 sentido tendr\u00eda?&#8221; La marca Balenciaga es va convertir en un imperi format per un soci, cosidores, models, etc, per\u00f2 el Sr. Balenciaga, dissenaydor principal de l\u2019empresa ho veia com una marca personal, impedint que un altre persona lider\u00e9s la seva empresa i sign\u00e9s amb el seu nom.<\/p>\n\n<p>Qu\u00e8 passaria si aquest exemple el traslladem a les empreses del Pened\u00e8s i Garraf? Alg\u00fa s\u2019imagina una empresa vitivin\u00edcola familiar on la marca del celler \u00e9s el cognom familiar, per\u00f2 ja no hi ha cap representant del llinatge a l\u2019empresa?<\/p>\n\n<p>La Marca Personal tendeix a centrar-se en un individu que ofereix la prestaci\u00f3 de serveis o la venda d\u2019un producte i fa servir el seu nom i cognoms per establir una relaci\u00f3 de confian\u00e7a m\u00e9s estreta amb els potencials clients. Per\u00f2, quan aquesta marca creix tant, com l\u2019exemple exposat de Balenciaga, es converteix en una marca empresarial, on \u00e9s important plantejar-se un re-branding i establir una nova estrat\u00e8gia empresarial, perqu\u00e8 els clients passaran a ser fidels a un producte, no a una persona en concret.<\/p>\n\n<p>I si no penseu&#8230; tal i com \u00e9s diu a la s\u00e8rie &#8220;Crist\u00f3bal Balenciaga&#8221;: &#8220;Us imagineu que Picasso continu\u00e9s signat quadres sense Picasso?&#8221;<\/p>\n\n<p><\/p>\n\n<p><em>Pened\u00e8s Econ\u00f2mic &#8211; Febrer 2024<\/em><\/p>\n","protected":false},"excerpt":{"rendered":"<p>Si una Marca Personal es converteix en un imperi, deixa de ser personal? perd el prop\u00f2sit de marca per la qual va ser creada?<\/p>\n","protected":false},"author":2,"featured_media":2022,"comment_status":"closed","ping_status":"closed","sticky":false,"template":"","format":"standard","meta":{"_et_pb_use_builder":"off","_et_pb_old_content":"","_et_gb_content_width":"","footnotes":""},"categories":[72,88],"tags":[56,59,55],"dipi_cpt_category":[],"_links":{"self":[{"href":"https:\/\/legalbrandservices.com\/ca\/wp-json\/wp\/v2\/posts\/2024"}],"collection":[{"href":"https:\/\/legalbrandservices.com\/ca\/wp-json\/wp\/v2\/posts"}],"about":[{"href":"https:\/\/legalbrandservices.com\/ca\/wp-json\/wp\/v2\/types\/post"}],"author":[{"embeddable":true,"href":"https:\/\/legalbrandservices.com\/ca\/wp-json\/wp\/v2\/users\/2"}],"replies":[{"embeddable":true,"href":"https:\/\/legalbrandservices.com\/ca\/wp-json\/wp\/v2\/comments?post=2024"}],"version-history":[{"count":3,"href":"https:\/\/legalbrandservices.com\/ca\/wp-json\/wp\/v2\/posts\/2024\/revisions"}],"predecessor-version":[{"id":2027,"href":"https:\/\/legalbrandservices.com\/ca\/wp-json\/wp\/v2\/posts\/2024\/revisions\/2027"}],"wp:featuredmedia":[{"embeddable":true,"href":"https:\/\/legalbrandservices.com\/ca\/wp-json\/wp\/v2\/media\/2022"}],"wp:attachment":[{"href":"https:\/\/legalbrandservices.com\/ca\/wp-json\/wp\/v2\/media?parent=2024"}],"wp:term":[{"taxonomy":"category","embeddable":true,"href":"https:\/\/legalbrandservices.com\/ca\/wp-json\/wp\/v2\/categories?post=2024"},{"taxonomy":"post_tag","embeddable":true,"href":"https:\/\/legalbrandservices.com\/ca\/wp-json\/wp\/v2\/tags?post=2024"},{"taxonomy":"dipi_cpt_category","embeddable":true,"href":"https:\/\/legalbrandservices.com\/ca\/wp-json\/wp\/v2\/dipi_cpt_category?post=2024"}],"curies":[{"name":"wp","href":"https:\/\/api.w.org\/{rel}","templated":true}]}}