{"id":2128,"date":"2024-11-05T11:53:40","date_gmt":"2024-11-05T11:53:40","guid":{"rendered":"https:\/\/legalbrandservices.com\/2024\/11\/05\/estimat-da-emprenedor-a\/"},"modified":"2025-02-21T13:29:40","modified_gmt":"2025-02-21T13:29:40","slug":"estimat-da-emprenedor-a","status":"publish","type":"post","link":"https:\/\/legalbrandservices.com\/ca\/2024\/11\/05\/estimat-da-emprenedor-a\/","title":{"rendered":"Estimat\/da emprenedor\/a"},"content":{"rendered":"\n<p>Joves emprenedors (i no tan joves), l\u2019article d\u2019aquest mes est\u00e0 dirigit a vosaltres.<\/p>\n\n<p>Fa unes setmanes vaig tenir l\u2019oportunitat d\u2019obrir el \u00c7icle de Xerrades &#8220;Emprenedoria en primera persona&#8221;, organitzat pel Departament de Promoci\u00f3 Econ\u00f2mica de l\u2019Ajuntament de Vilafranca juntament amb la Mancomunitat Pened\u00e8s-Garraf. All\u00e0 vaig poder explicar la meva experi\u00e8ncia com a emprenedora, aix\u00ed com les oportunitats i serveis que cadascun dels organismes p\u00fablics de Vilafranca em van oferir. <\/p>\n\n<p>Durant la sessi\u00f3 i el networking posterior, tots els dubtes dels assistents eren sobre la MARCA: com sol\u00b7licitar una marca a l\u2019estranger, el procediment i preu per a una marca nacional, aix\u00ed com trencar el mite de &#8220;si tinc domini aix\u00f2 vol dir que tinc la marca&#8221; o el de &#8220;tinc la denominaci\u00f3 social vol dir que tinc la marca&#8221;.<\/p>\n\n<p>Quan comences un negoci hi ha molts tr\u00e0mits a fer com \u00e9s el pla de negocis, de despeses, de marketing, per\u00f2 en cap lloc ning\u00fa et parla del m\u00e9s important: El NOM DE LA TEVA EMPRESA. Aquell nom que es convertir\u00e0 en MARCA. <\/p>\n\n<p>A continuaci\u00f3 us faig quatre recomanacions:<\/p>\n\n<ul>\n<li>Busqueu un NOM original i \u00fanic. Si \u00e9s inventat millor! <\/li>\n\n\n\n<li>Feu un logo per crear una identitat corporativa que sigui coherent amb la imatge d\u2019empresa que voleu transmetre.<\/li>\n\n\n\n<li>La uni\u00f3 del nom i el logo \u00e9s el que es convertir\u00e0 en MARCA i us identificar\u00e0.<\/li>\n\n\n\n<li>REGISTREU la MARCA, per qu\u00e8?\n<ul>\n<li>Per tenir l\u2019exclusivitat al mercat<\/li>\n\n\n\n<li>Per impedir l\u2019\u00fas per part de tercers no autoritzats<\/li>\n\n\n\n<li>Per donar confian\u00e7a al consumidor<\/li>\n<\/ul>\n<\/li>\n<\/ul>\n\n<p>Com a emprenedors que sou, en els vostres inicis heu de prioritzar despeses, per\u00f2 \u00e9s important que constru\u00efu i treballeu la vostra MARCA. Li heu de donar el valor que es mereix per a que el vostre negoci giri al seu voltant. Registrar la marca \u00e9s l\u2019\u00faltima cosa de la vostra llista (si \u00e9s que est\u00e0) quan hauria de ser la primera.  <\/p>\n\n<p>Imagineu aquesta situaci\u00f3: Teniu el millor local a la Parellada, el millor programa de gesti\u00f3, la millor web i sou molt actius a xarxes socials. Teniu un r\u00e8tol meravell\u00f3s a la porta, packaging i publicitat amb un logo creat expressament i uns dies despr\u00e8s d\u2019obrir el negoci rebeu un burofax d\u2019un despatx d\u2019advocats que us notifica que ho heu de llen\u00e7ar tot perqu\u00e8 el seu client t\u00e9 una marca registrada molt semblant a la vostra. <\/p>\n\n<p>Penseu: Com es diferencia una empresa d\u2019una altra? Per la MARCA. <\/p>\n\n<p>Sense MARCA no hi ha empresa.<\/p>\n\n<p><\/p>\n\n<p><em>Pened\u00e8s Econ\u00f2mic &#8211; Octubre 2024<\/em><\/p>\n","protected":false},"excerpt":{"rendered":"<p>El cam\u00ed de l&#8217;emprenedor no \u00e9s f\u00e0cil. Hi ha una llarga llista de tasques i poc pressupost, per aix\u00f2 \u00e9s important prioritzar i donar import\u00e0ncia a all\u00f2 que et diferenciar\u00e0 de la resta: La MARCA.  <\/p>\n","protected":false},"author":2,"featured_media":2126,"comment_status":"closed","ping_status":"closed","sticky":false,"template":"","format":"standard","meta":{"_et_pb_use_builder":"off","_et_pb_old_content":"","_et_gb_content_width":"","footnotes":""},"categories":[121,72,88],"tags":[74,56,59,55],"dipi_cpt_category":[],"_links":{"self":[{"href":"https:\/\/legalbrandservices.com\/ca\/wp-json\/wp\/v2\/posts\/2128"}],"collection":[{"href":"https:\/\/legalbrandservices.com\/ca\/wp-json\/wp\/v2\/posts"}],"about":[{"href":"https:\/\/legalbrandservices.com\/ca\/wp-json\/wp\/v2\/types\/post"}],"author":[{"embeddable":true,"href":"https:\/\/legalbrandservices.com\/ca\/wp-json\/wp\/v2\/users\/2"}],"replies":[{"embeddable":true,"href":"https:\/\/legalbrandservices.com\/ca\/wp-json\/wp\/v2\/comments?post=2128"}],"version-history":[{"count":6,"href":"https:\/\/legalbrandservices.com\/ca\/wp-json\/wp\/v2\/posts\/2128\/revisions"}],"predecessor-version":[{"id":2135,"href":"https:\/\/legalbrandservices.com\/ca\/wp-json\/wp\/v2\/posts\/2128\/revisions\/2135"}],"wp:featuredmedia":[{"embeddable":true,"href":"https:\/\/legalbrandservices.com\/ca\/wp-json\/wp\/v2\/media\/2126"}],"wp:attachment":[{"href":"https:\/\/legalbrandservices.com\/ca\/wp-json\/wp\/v2\/media?parent=2128"}],"wp:term":[{"taxonomy":"category","embeddable":true,"href":"https:\/\/legalbrandservices.com\/ca\/wp-json\/wp\/v2\/categories?post=2128"},{"taxonomy":"post_tag","embeddable":true,"href":"https:\/\/legalbrandservices.com\/ca\/wp-json\/wp\/v2\/tags?post=2128"},{"taxonomy":"dipi_cpt_category","embeddable":true,"href":"https:\/\/legalbrandservices.com\/ca\/wp-json\/wp\/v2\/dipi_cpt_category?post=2128"}],"curies":[{"name":"wp","href":"https:\/\/api.w.org\/{rel}","templated":true}]}}