{"id":2390,"date":"2026-04-30T10:38:28","date_gmt":"2026-04-30T10:38:28","guid":{"rendered":"https:\/\/legalbrandservices.com\/2026\/04\/30\/escriure-per-sant-jordi\/"},"modified":"2026-04-30T10:43:40","modified_gmt":"2026-04-30T10:43:40","slug":"escriure-per-sant-jordi","status":"publish","type":"post","link":"https:\/\/legalbrandservices.com\/ca\/2026\/04\/30\/escriure-per-sant-jordi\/","title":{"rendered":"Escriure per Sant Jordi"},"content":{"rendered":"\n<p>Portava molt de temps sense escriure per a mi. He tornat a escriure microrelats amb l\u2019objectiu de desfer-me dels meus dimonis interns i buidar tot all\u00f2 que passeja pel meu cervell, aprofitant que el mes d\u2019abril \u00e9s la Diada de Sant Jordi i el Dia Mundial de la Propietat Industrial i Intel\u00b7lectual. <\/p>\n\n<p>El meu somni \u00e9s que alguna editorial en faci un recull i publiqui un llibre, per\u00f2 qu\u00e8 passa si es fa una pel\u00b7l\u00edcula basada en un d\u2019aquests relats sense la meva autoritzaci\u00f3? Doncs que tenim un problema anomenat plagi. <\/p>\n\n<p>En el m\u00f3n en el que vivim, la normalitzaci\u00f3 de la c\u00f2pia est\u00e0 a l\u2019ordre del dia, ja que sense adonar-nos compartim, guardem o adaptem publicacions i de vegades la l\u00ednia vermella entre la inspiraci\u00f3 i la c\u00f2pia no \u00e9s prou clara. No podem con\u00e8ixer totes les publicacions que es fan, per\u00f2 per detectar c\u00f2pies es pot crear una comunitat que reconegui el teu estil, ja que normalment els mateixos seguidors s\u00f3n els que arriben a detectar les c\u00f2pies que hi circulen. <\/p>\n\n<p>Molts creadors de contingut que fan servir les xarxes socials per a queixar-se de la c\u00f2pia dels seus textos, creacions i formacions i es consolen amb la frase de : &#8220;Si em copien, \u00e9s que ho estic fent b\u00e9&#8221;. No \u00e9s aix\u00ed perqu\u00e8 si alg\u00fa ha de treure un benefici econ\u00f2mic \u00e9s el propi creador, no aquell que ha copiat. <\/p>\n\n<p>Entrar a denunciar al plagiador implica una despesa, per\u00f2 per sobre de tot est\u00e0 l\u2019esfor\u00e7, la creativitat, la recerca d\u2019informaci\u00f3 i el temps dedicat a fer aquella creaci\u00f3.<br\/>I llavors, qu\u00e8 s\u2019ha de fer?<br\/>El primer pas \u00e9s registrar i documentar tot el contingut per tal de deixar const\u00e0ncia de l\u2019autoria amb la data de creaci\u00f3 per a que serveixi com a prova.<br\/>El seg\u00fcent pas \u00e9s denunciar la c\u00f2pia, ja sigui amb els medis disponibles a les mateixes aplicacions o enviant-hi un requeriment a l\u2019empresa infractora per a demanar la seva retirada.<br\/>Com a \u00faltim pas s\u2019ha d\u2019analitzar cada cas concret per estudiar si val la pena presentar una demanda davant els tribunals, sabent que pot ser l\u2019inici d\u2019un procediment llarg, cost\u00f3s i esgotador.<\/p>\n\n<p>\u00c9s important fer tasques de prevenci\u00f3 per evitar el plagi, \u00e9s a dir, fer determinades accions encaminades a avisar que una obra est\u00e0 subjecta a drets d\u2019autor i que no es pot copiar, modificar o fer difusi\u00f3 sense autoritzaci\u00f3 pr\u00e8via, ja sigui afegint marques d\u2019aigua d\u2019autoria o el s\u00edmbol \u00a9.<\/p>\n\n<p>Tot i aix\u00ed, crec que als creadors de contingut els hi costa exercitar els seus drets i ser conscients que el fet que els copi\u00efn no \u00e9s un indicador d&#8217;\u00e8xit, si no que han de posar en valor la seva feina, i \u00e9s aix\u00f2 precisament el que han de protegir.<\/p>\n\n<p><em>Pened\u00e8s Econ\u00f2mic &#8211; Abril 2026<\/em><\/p>\n\n<p><\/p>\n","protected":false},"excerpt":{"rendered":"<p>No hi ha prou amb la frase &#8221; Si em copien, \u00e9s que ho estic fent b\u00e9&#8221; dona un pas endevant i denuncia per donar valor a la teva feina.<\/p>\n","protected":false},"author":2,"featured_media":2387,"comment_status":"closed","ping_status":"closed","sticky":false,"template":"","format":"standard","meta":{"_et_pb_use_builder":"off","_et_pb_old_content":"","_et_gb_content_width":"","footnotes":""},"categories":[135,83],"tags":[85],"dipi_cpt_category":[],"_links":{"self":[{"href":"https:\/\/legalbrandservices.com\/ca\/wp-json\/wp\/v2\/posts\/2390"}],"collection":[{"href":"https:\/\/legalbrandservices.com\/ca\/wp-json\/wp\/v2\/posts"}],"about":[{"href":"https:\/\/legalbrandservices.com\/ca\/wp-json\/wp\/v2\/types\/post"}],"author":[{"embeddable":true,"href":"https:\/\/legalbrandservices.com\/ca\/wp-json\/wp\/v2\/users\/2"}],"replies":[{"embeddable":true,"href":"https:\/\/legalbrandservices.com\/ca\/wp-json\/wp\/v2\/comments?post=2390"}],"version-history":[{"count":1,"href":"https:\/\/legalbrandservices.com\/ca\/wp-json\/wp\/v2\/posts\/2390\/revisions"}],"predecessor-version":[{"id":2392,"href":"https:\/\/legalbrandservices.com\/ca\/wp-json\/wp\/v2\/posts\/2390\/revisions\/2392"}],"wp:featuredmedia":[{"embeddable":true,"href":"https:\/\/legalbrandservices.com\/ca\/wp-json\/wp\/v2\/media\/2387"}],"wp:attachment":[{"href":"https:\/\/legalbrandservices.com\/ca\/wp-json\/wp\/v2\/media?parent=2390"}],"wp:term":[{"taxonomy":"category","embeddable":true,"href":"https:\/\/legalbrandservices.com\/ca\/wp-json\/wp\/v2\/categories?post=2390"},{"taxonomy":"post_tag","embeddable":true,"href":"https:\/\/legalbrandservices.com\/ca\/wp-json\/wp\/v2\/tags?post=2390"},{"taxonomy":"dipi_cpt_category","embeddable":true,"href":"https:\/\/legalbrandservices.com\/ca\/wp-json\/wp\/v2\/dipi_cpt_category?post=2390"}],"curies":[{"name":"wp","href":"https:\/\/api.w.org\/{rel}","templated":true}]}}